{"id":13728,"date":"2023-01-16T16:17:55","date_gmt":"2023-01-16T15:17:55","guid":{"rendered":"https:\/\/www.way-plan.com\/?p=13728"},"modified":"2023-03-08T16:36:21","modified_gmt":"2023-03-08T15:36:21","slug":"bmw-i7-a-limusina-electrica-perfeita-para-os-seus-clientes","status":"publish","type":"post","link":"https:\/\/www.way-plan.com\/pt\/bmw-i7-the-perfect-electric-limousine-for-your-clients\/","title":{"rendered":"BMW i7, a limusina el\u00e9ctrica perfeita para os seus clientes?"},"content":{"rendered":"<figure class=\"wp-block-image size-full\"><img fetchpriority=\"high\" decoding=\"async\" width=\"907\" height=\"507\" src=\"https:\/\/www.way-plan.com\/wp-content\/uploads\/2023\/01\/image.png\" alt=\"\" class=\"wp-image-13729\" srcset=\"https:\/\/www.way-plan.com\/wp-content\/uploads\/2023\/01\/image.png 907w, https:\/\/www.way-plan.com\/wp-content\/uploads\/2023\/01\/image-300x168.png 300w, https:\/\/www.way-plan.com\/wp-content\/uploads\/2023\/01\/image-768x429.png 768w, https:\/\/www.way-plan.com\/wp-content\/uploads\/2023\/01\/image-18x10.png 18w, https:\/\/www.way-plan.com\/wp-content\/uploads\/2023\/01\/image-600x335.png 600w\" sizes=\"(max-width: 907px) 100vw, 907px\" \/><\/figure>\n\n\n\n<p><strong>O mercado dos ve\u00edculos el\u00e9ctricos est\u00e1 a crescer<\/strong> devido \u00e0 crescente preocupa\u00e7\u00e3o com o ambiente e a uma regulamenta\u00e7\u00e3o mais rigorosa em mat\u00e9ria de consumo de energia. Os consumidores est\u00e3o tamb\u00e9m cada vez mais conscientes do impacto do seu estilo de vida no ambiente e procuram formas de reduzir a sua pegada de carbono. Este mercado est\u00e1 a emergir rapidamente e com for\u00e7a \u00e0 medida que as empresas de transporte privado investem em ve\u00edculos mais ecol\u00f3gicos para corresponder \u00e0s preocupa\u00e7\u00f5es dos seus clientes, e isto \u00e9 especialmente verdade no mercado dos transportes de luxo.<\/p>\n\n\n\n<p>O BMW i7 \u00e9 um sedan el\u00e9trico premium de 100% que foi recentemente lan\u00e7ado pelo fabricante de autom\u00f3veis alem\u00e3o BMW. Ele \u00e9 <strong>a vers\u00e3o el\u00e9ctrica da 7\u00aa gera\u00e7\u00e3o do S\u00e9rie 7<\/strong>O i7 \u00e9 conhecido pelo seu luxo e desempenho. O i7 foi concebido para oferecer um elevado n\u00edvel de conforto e tecnologia, com avan\u00e7os na condu\u00e7\u00e3o el\u00e9ctrica, tornando-o a escolha ideal para as empresas de transporte de passageiros de luxo que procuram oferecer aos seus clientes a mais exclusiva experi\u00eancia de viagem ecol\u00f3gica.<\/p>\n\n\n\n<p>Neste artigo, vamos explorar as principais vantagens do BMW i7 e a forma como pode satisfazer as necessidades da sua empresa.<\/p>\n\n\n\n<h2 class=\"wp-block-heading\">Conce\u00e7\u00e3o e desempenho<\/h2>\n\n\n\n<figure class=\"wp-block-image size-full\"><img decoding=\"async\" width=\"812\" height=\"443\" data-src=\"https:\/\/www.way-plan.com\/wp-content\/uploads\/2023\/01\/image-1.png\" alt=\"\" class=\"wp-image-13730 lazyload\" data-srcset=\"https:\/\/www.way-plan.com\/wp-content\/uploads\/2023\/01\/image-1.png 812w, https:\/\/www.way-plan.com\/wp-content\/uploads\/2023\/01\/image-1-300x164.png 300w, https:\/\/www.way-plan.com\/wp-content\/uploads\/2023\/01\/image-1-768x419.png 768w, https:\/\/www.way-plan.com\/wp-content\/uploads\/2023\/01\/image-1-18x10.png 18w, https:\/\/www.way-plan.com\/wp-content\/uploads\/2023\/01\/image-1-600x327.png 600w\" data-sizes=\"(max-width: 812px) 100vw, 812px\" src=\"data:image\/svg+xml;base64,PHN2ZyB3aWR0aD0iMSIgaGVpZ2h0PSIxIiB4bWxucz0iaHR0cDovL3d3dy53My5vcmcvMjAwMC9zdmciPjwvc3ZnPg==\" style=\"--smush-placeholder-width: 812px; --smush-placeholder-aspect-ratio: 812\/443;\" \/><\/figure>\n\n\n\n<p>O BMW i7 \u00e9 um ve\u00edculo topo de gama que se destaca pelo seu design elegante. Tem um aspeto futurista com linhas fluidas e far\u00f3is LED que lhe d\u00e3o um toque moderno. O design interior tamb\u00e9m \u00e9 luxuoso, com materiais de primeira qualidade, como os melhores couros e madeiras.<\/p>\n\n\n\n<p>O grupo motopropulsor el\u00e9trico fornece mais de <strong>544 cavalos de pot\u00eancia e 745 Nm de bin\u00e1rio<\/strong> para uma acelera\u00e7\u00e3o r\u00e1pida e uma experi\u00eancia de condu\u00e7\u00e3o desportiva. A bateria de alta capacidade oferece <strong>uma autonomia de mais de 385 quil\u00f3metros com um \u00fanico carregamento<\/strong>e o sistema de carregamento r\u00e1pido recupera <strong>80% de energia em apenas 34 minutos<\/strong>.<\/p>\n\n\n\n<h2 class=\"wp-block-heading\">Amenidades de luxo e caracter\u00edsticas de alta tecnologia<\/h2>\n\n\n\n<p>O BMW i7 tem um <strong>interior espa\u00e7oso e luxuoso<\/strong>, utilizando <strong>materiais de primeira qualidade<\/strong> para proporcionar um conforto \u00f3timo aos passageiros. Incorpora igualmente <strong>caracter\u00edsticas de alta tecnologia<\/strong>como um ecr\u00e3 t\u00e1til de grandes dimens\u00f5es que permite um acesso f\u00e1cil a todas as fun\u00e7\u00f5es do autom\u00f3vel e capacidades de condu\u00e7\u00e3o semi-aut\u00f3noma que proporcionam uma condu\u00e7\u00e3o mais segura e descontra\u00edda.<\/p>\n\n\n\n<p>Em termos de sistemas avan\u00e7ados, o BMW i7 oferece caracter\u00edsticas como <strong>Assist\u00eancia ao estacionamento<\/strong>que facilita o estacionamento na cidade e cria uma imagem panor\u00e2mica dos arredores do autom\u00f3vel, <strong>Assist\u00eancia \u00e0 manuten\u00e7\u00e3o na faixa de rodagem<\/strong>que mant\u00e9m o autom\u00f3vel na sua faixa de rodagem, <strong>Assist\u00eancia ao tr\u00e1fego<\/strong>que o ajuda a conduzir em seguran\u00e7a em condi\u00e7\u00f5es de tr\u00e2nsito dif\u00edceis, <strong>Suspens\u00e3o din\u00e2mica<\/strong>que ajusta automaticamente a suspens\u00e3o de acordo com a condu\u00e7\u00e3o para uma condu\u00e7\u00e3o mais confort\u00e1vel e control\u00e1vel, e <strong>Controlo da experi\u00eancia de condu\u00e7\u00e3o<\/strong>que lhe permitir\u00e1 personalizar a sua experi\u00eancia de condu\u00e7\u00e3o de acordo com as suas prefer\u00eancias.<\/p>\n\n\n\n<h2 class=\"wp-block-heading\">Benef\u00edcios para as empresas<\/h2>\n\n\n\n<p>Em primeiro lugar, a autonomia do BMW i7 \u00e9 not\u00e1vel gra\u00e7as \u00e0 sua <strong>bateria de alta capacidade<\/strong>O sistema de carregamento da bateria, que permite percorrer longas dist\u00e2ncias sem necessitar de ser recarregado. Isto permite que os condutores se concentrem na sua viagem sem terem de se preocupar com a falta de carga da bateria.<\/p>\n\n\n\n<p>O BMW i7 \u00e9 tamb\u00e9m <strong>extraordinariamente silencioso<\/strong> gra\u00e7as ao seu motor el\u00e9trico, que praticamente n\u00e3o produz ru\u00eddo durante o funcionamento. Isto permite aos passageiros relaxar e concentrar-se no seu trabalho ou desfrutar de uma viagem tranquila e confort\u00e1vel.<\/p>\n\n\n\n<p>Por \u00faltimo, ter uma frota de ve\u00edculos ecol\u00f3gicos pode ajud\u00e1-lo a <strong>construir uma imagem ecol\u00f3gica<\/strong> para a sua marca, permitindo-lhe chegar a um n\u00famero cada vez maior de clientes preocupados com o ambiente.<\/p>\n\n\n\n<p>Em suma, o BMW i7 oferece um <strong>combina\u00e7\u00e3o \u00fanica de luxo, desempenho e efici\u00eancia de combust\u00edvel<\/strong>O seu pre\u00e7o \u00e9 muito competitivo, o que o torna ideal para as empresas de transporte de passageiros que pretendem oferecer um servi\u00e7o de qualidade aos seus clientes.<\/p>\n\n\n\n<p><strong>O BMW i7 pretende ser o melhor dos melhores BMWs, oferecendo-lhe tudo o que esperaria de um S\u00e9rie 7, mas com um toque verde.<\/strong> Isto significa que obt\u00e9m luxo, com a experi\u00eancia el\u00e9ctrica. Certamente, \u00e9 uma das melhores experi\u00eancias para o passageiro traseiro que encontrar\u00e1 num autom\u00f3vel el\u00e9trico, mas o BMW i7 \u00e9 tamb\u00e9m um excelente autom\u00f3vel para conduzir. Com a pot\u00eancia oferecida e uma grande autonomia, gosta de ser conduzido com determina\u00e7\u00e3o nas curvas.<\/p>\n\n\n\n<h2 class=\"wp-block-heading\">Conclus\u00e3o<\/h2>\n\n\n\n<p>O BMW i7 \u00e9 a escolha ideal para uma empresa de transporte de passageiros de luxo que procura oferecer o melhor servi\u00e7o aos seus clientes.<\/p>\n\n\n\n<p><br>Sabia que o WAY-Plan foi inicialmente concebido a pensar nos servi\u00e7os de transporte premium? Ao combinar o extraordin\u00e1rio BMW i7 com <a href=\"https:\/\/www.way-plan.com\/pt\/planeamento\/\">Ferramentas de gest\u00e3o de frotas WAYNIUM<\/a>pode garantir opera\u00e7\u00f5es eficientes e uma excelente experi\u00eancia de viagem para todos os seus clientes.<\/p>","protected":false},"excerpt":{"rendered":"<p>The market for electric vehicles is growing due to increasing concern for the environment and stricter regulations on energy consumption. Consumers are also more and more aware of the impact of their lifestyle on the environment and are looking for ways to reduce their carbon footprint. This market is emerging fast and strong as private [&hellip;]<\/p>\n","protected":false},"author":600,"featured_media":13729,"comment_status":"open","ping_status":"open","sticky":false,"template":"","format":"standard","meta":{"_acf_changed":false,"footnotes":""},"categories":[184],"tags":[250,252,253],"class_list":["post-13728","post","type-post","status-publish","format-standard","has-post-thumbnail","hentry","category-passenger-transport","tag-cars-reviews","tag-eco-friendliness","tag-electric-vehicules"],"acf":[],"yoast_head":"<!-- This site is optimized with the Yoast SEO plugin v27.0 - https:\/\/yoast.com\/product\/yoast-seo-wordpress\/ -->\n<title>BMW i7, the perfect electric limousine for your clients? - WAY-Plan<\/title>\n<meta name=\"description\" content=\"The market for electric vehicles is growing due to increasing concern for the environment and stricter regulations on energy consumption. Consumers are also more and more aware of the impact of their lifestyle on the environment and are looking for ways to reduce their carbon footprint\" \/>\n<meta name=\"robots\" content=\"index, follow, max-snippet:-1, max-image-preview:large, max-video-preview:-1\" \/>\n<link rel=\"canonical\" href=\"https:\/\/www.way-plan.com\/pt\/bmw-i7-a-limusina-electrica-perfeita-para-os-seus-clientes\/\" \/>\n<meta property=\"og:locale\" content=\"pt_PT\" \/>\n<meta property=\"og:type\" content=\"article\" \/>\n<meta property=\"og:title\" content=\"BMW i7, the perfect electric limousine for your clients? - WAY-Plan\" \/>\n<meta property=\"og:description\" content=\"The market for electric vehicles is growing due to increasing concern for the environment and stricter regulations on energy consumption. Consumers are also more and more aware of the impact of their lifestyle on the environment and are looking for ways to reduce their carbon footprint\" \/>\n<meta property=\"og:url\" content=\"https:\/\/www.way-plan.com\/pt\/bmw-i7-a-limusina-electrica-perfeita-para-os-seus-clientes\/\" \/>\n<meta property=\"og:site_name\" content=\"WAY-Plan\" \/>\n<meta property=\"article:publisher\" content=\"https:\/\/www.facebook.com\/WAYNIUM\/\" \/>\n<meta property=\"article:published_time\" content=\"2023-01-16T15:17:55+00:00\" \/>\n<meta property=\"article:modified_time\" content=\"2023-03-08T15:36:21+00:00\" \/>\n<meta property=\"og:image\" content=\"https:\/\/www.way-plan.com\/wp-content\/uploads\/2023\/01\/image.png\" \/>\n\t<meta property=\"og:image:width\" content=\"907\" \/>\n\t<meta property=\"og:image:height\" content=\"507\" \/>\n\t<meta property=\"og:image:type\" content=\"image\/png\" \/>\n<meta name=\"author\" content=\"Hannah DLIMI\" \/>\n<meta name=\"twitter:card\" content=\"summary_large_image\" \/>\n<meta name=\"twitter:label1\" content=\"Escrito por\" \/>\n\t<meta name=\"twitter:data1\" content=\"Hannah DLIMI\" \/>\n\t<meta name=\"twitter:label2\" content=\"Tempo estimado de leitura\" \/>\n\t<meta name=\"twitter:data2\" content=\"4 minutos\" \/>\n<script type=\"application\/ld+json\" class=\"yoast-schema-graph\">{\"@context\":\"https:\/\/schema.org\",\"@graph\":[{\"@type\":\"Article\",\"@id\":\"https:\/\/www.way-plan.com\/bmw-i7-the-perfect-electric-limousine-for-your-clients\/#article\",\"isPartOf\":{\"@id\":\"https:\/\/www.way-plan.com\/bmw-i7-the-perfect-electric-limousine-for-your-clients\/\"},\"author\":{\"name\":\"Hannah DLIMI\",\"@id\":\"https:\/\/www.way-plan.com\/#\/schema\/person\/4c5322eba44a6a998928040703653b1c\"},\"headline\":\"BMW i7, the perfect electric limousine for your clients?\",\"datePublished\":\"2023-01-16T15:17:55+00:00\",\"dateModified\":\"2023-03-08T15:36:21+00:00\",\"mainEntityOfPage\":{\"@id\":\"https:\/\/www.way-plan.com\/bmw-i7-the-perfect-electric-limousine-for-your-clients\/\"},\"wordCount\":705,\"commentCount\":0,\"publisher\":{\"@id\":\"https:\/\/www.way-plan.com\/#organization\"},\"image\":{\"@id\":\"https:\/\/www.way-plan.com\/bmw-i7-the-perfect-electric-limousine-for-your-clients\/#primaryimage\"},\"thumbnailUrl\":\"https:\/\/www.way-plan.com\/wp-content\/uploads\/2023\/01\/image.png\",\"keywords\":[\"Cars reviews\",\"Eco-friendliness\",\"Electric vehicules\"],\"articleSection\":[\"Passenger transport\"],\"inLanguage\":\"pt-PT\",\"potentialAction\":[{\"@type\":\"CommentAction\",\"name\":\"Comment\",\"target\":[\"https:\/\/www.way-plan.com\/bmw-i7-the-perfect-electric-limousine-for-your-clients\/#respond\"]}]},{\"@type\":\"WebPage\",\"@id\":\"https:\/\/www.way-plan.com\/bmw-i7-the-perfect-electric-limousine-for-your-clients\/\",\"url\":\"https:\/\/www.way-plan.com\/bmw-i7-the-perfect-electric-limousine-for-your-clients\/\",\"name\":\"BMW i7, the perfect electric limousine for your clients? - WAY-Plan\",\"isPartOf\":{\"@id\":\"https:\/\/www.way-plan.com\/#website\"},\"primaryImageOfPage\":{\"@id\":\"https:\/\/www.way-plan.com\/bmw-i7-the-perfect-electric-limousine-for-your-clients\/#primaryimage\"},\"image\":{\"@id\":\"https:\/\/www.way-plan.com\/bmw-i7-the-perfect-electric-limousine-for-your-clients\/#primaryimage\"},\"thumbnailUrl\":\"https:\/\/www.way-plan.com\/wp-content\/uploads\/2023\/01\/image.png\",\"datePublished\":\"2023-01-16T15:17:55+00:00\",\"dateModified\":\"2023-03-08T15:36:21+00:00\",\"description\":\"The market for electric vehicles is growing due to increasing concern for the environment and stricter regulations on energy consumption. Consumers are also more and more aware of the impact of their lifestyle on the environment and are looking for ways to reduce their carbon footprint\",\"breadcrumb\":{\"@id\":\"https:\/\/www.way-plan.com\/bmw-i7-the-perfect-electric-limousine-for-your-clients\/#breadcrumb\"},\"inLanguage\":\"pt-PT\",\"potentialAction\":[{\"@type\":\"ReadAction\",\"target\":[\"https:\/\/www.way-plan.com\/bmw-i7-the-perfect-electric-limousine-for-your-clients\/\"]}]},{\"@type\":\"ImageObject\",\"inLanguage\":\"pt-PT\",\"@id\":\"https:\/\/www.way-plan.com\/bmw-i7-the-perfect-electric-limousine-for-your-clients\/#primaryimage\",\"url\":\"https:\/\/www.way-plan.com\/wp-content\/uploads\/2023\/01\/image.png\",\"contentUrl\":\"https:\/\/www.way-plan.com\/wp-content\/uploads\/2023\/01\/image.png\",\"width\":907,\"height\":507},{\"@type\":\"BreadcrumbList\",\"@id\":\"https:\/\/www.way-plan.com\/bmw-i7-the-perfect-electric-limousine-for-your-clients\/#breadcrumb\",\"itemListElement\":[{\"@type\":\"ListItem\",\"position\":1,\"name\":\"Home\",\"item\":\"https:\/\/www.way-plan.com\/\"},{\"@type\":\"ListItem\",\"position\":2,\"name\":\"BMW i7, the perfect electric limousine for your clients?\"}]},{\"@type\":\"WebSite\",\"@id\":\"https:\/\/www.way-plan.com\/#website\",\"url\":\"https:\/\/www.way-plan.com\/\",\"name\":\"WAY-Plan\",\"description\":\"People transportation management software\",\"publisher\":{\"@id\":\"https:\/\/www.way-plan.com\/#organization\"},\"potentialAction\":[{\"@type\":\"SearchAction\",\"target\":{\"@type\":\"EntryPoint\",\"urlTemplate\":\"https:\/\/www.way-plan.com\/?s={search_term_string}\"},\"query-input\":{\"@type\":\"PropertyValueSpecification\",\"valueRequired\":true,\"valueName\":\"search_term_string\"}}],\"inLanguage\":\"pt-PT\"},{\"@type\":\"Organization\",\"@id\":\"https:\/\/www.way-plan.com\/#organization\",\"name\":\"Way Plan\",\"url\":\"https:\/\/www.way-plan.com\/\",\"logo\":{\"@type\":\"ImageObject\",\"inLanguage\":\"pt-PT\",\"@id\":\"https:\/\/www.way-plan.com\/#\/schema\/logo\/image\/\",\"url\":\"https:\/\/wordpress.way-plan.com\/wp-content\/uploads\/2020\/11\/logoWAYNIUM-borderless.png\",\"contentUrl\":\"https:\/\/wordpress.way-plan.com\/wp-content\/uploads\/2020\/11\/logoWAYNIUM-borderless.png\",\"width\":1561,\"height\":319,\"caption\":\"Way Plan\"},\"image\":{\"@id\":\"https:\/\/www.way-plan.com\/#\/schema\/logo\/image\/\"},\"sameAs\":[\"https:\/\/www.facebook.com\/WAYNIUM\/\",\"https:\/\/www.linkedin.com\/company\/waynium\/\",\"https:\/\/www.youtube.com\/channel\/UCXiEq9wJ-j6cY2CBdpOYc1w\"]},{\"@type\":\"Person\",\"@id\":\"https:\/\/www.way-plan.com\/#\/schema\/person\/4c5322eba44a6a998928040703653b1c\",\"name\":\"Hannah DLIMI\",\"image\":{\"@type\":\"ImageObject\",\"inLanguage\":\"pt-PT\",\"@id\":\"https:\/\/www.way-plan.com\/#\/schema\/person\/image\/\",\"url\":\"https:\/\/secure.gravatar.com\/avatar\/d67424e700840e2da0bef294d2a99e6755c25c0508fdab38a2bb85bcb5cbc6f8?s=96&d=mm&r=g\",\"contentUrl\":\"https:\/\/secure.gravatar.com\/avatar\/d67424e700840e2da0bef294d2a99e6755c25c0508fdab38a2bb85bcb5cbc6f8?s=96&d=mm&r=g\",\"caption\":\"Hannah DLIMI\"}}]}<\/script>\n<!-- \/ Yoast SEO plugin. -->","yoast_head_json":{"title":"BMW i7, a limusina el\u00e9ctrica perfeita para os seus clientes? - Plano WAY","description":"O mercado dos ve\u00edculos el\u00e9ctricos est\u00e1 a crescer devido \u00e0 crescente preocupa\u00e7\u00e3o com o ambiente e a uma regulamenta\u00e7\u00e3o mais rigorosa em mat\u00e9ria de consumo de energia. Os consumidores est\u00e3o tamb\u00e9m cada vez mais conscientes do impacto do seu estilo de vida no ambiente e procuram formas de reduzir a sua pegada de carbono","robots":{"index":"index","follow":"follow","max-snippet":"max-snippet:-1","max-image-preview":"max-image-preview:large","max-video-preview":"max-video-preview:-1"},"canonical":"https:\/\/www.way-plan.com\/pt\/bmw-i7-a-limusina-electrica-perfeita-para-os-seus-clientes\/","og_locale":"pt_PT","og_type":"article","og_title":"BMW i7, the perfect electric limousine for your clients? - WAY-Plan","og_description":"The market for electric vehicles is growing due to increasing concern for the environment and stricter regulations on energy consumption. Consumers are also more and more aware of the impact of their lifestyle on the environment and are looking for ways to reduce their carbon footprint","og_url":"https:\/\/www.way-plan.com\/pt\/bmw-i7-a-limusina-electrica-perfeita-para-os-seus-clientes\/","og_site_name":"WAY-Plan","article_publisher":"https:\/\/www.facebook.com\/WAYNIUM\/","article_published_time":"2023-01-16T15:17:55+00:00","article_modified_time":"2023-03-08T15:36:21+00:00","og_image":[{"width":907,"height":507,"url":"https:\/\/www.way-plan.com\/wp-content\/uploads\/2023\/01\/image.png","type":"image\/png"}],"author":"Hannah DLIMI","twitter_card":"summary_large_image","twitter_misc":{"Escrito por":"Hannah DLIMI","Tempo estimado de leitura":"4 minutos"},"schema":{"@context":"https:\/\/schema.org","@graph":[{"@type":"Article","@id":"https:\/\/www.way-plan.com\/bmw-i7-the-perfect-electric-limousine-for-your-clients\/#article","isPartOf":{"@id":"https:\/\/www.way-plan.com\/bmw-i7-the-perfect-electric-limousine-for-your-clients\/"},"author":{"name":"Hannah DLIMI","@id":"https:\/\/www.way-plan.com\/#\/schema\/person\/4c5322eba44a6a998928040703653b1c"},"headline":"BMW i7, the perfect electric limousine for your clients?","datePublished":"2023-01-16T15:17:55+00:00","dateModified":"2023-03-08T15:36:21+00:00","mainEntityOfPage":{"@id":"https:\/\/www.way-plan.com\/bmw-i7-the-perfect-electric-limousine-for-your-clients\/"},"wordCount":705,"commentCount":0,"publisher":{"@id":"https:\/\/www.way-plan.com\/#organization"},"image":{"@id":"https:\/\/www.way-plan.com\/bmw-i7-the-perfect-electric-limousine-for-your-clients\/#primaryimage"},"thumbnailUrl":"https:\/\/www.way-plan.com\/wp-content\/uploads\/2023\/01\/image.png","keywords":["Cars reviews","Eco-friendliness","Electric vehicules"],"articleSection":["Passenger transport"],"inLanguage":"pt-PT","potentialAction":[{"@type":"CommentAction","name":"Comment","target":["https:\/\/www.way-plan.com\/bmw-i7-the-perfect-electric-limousine-for-your-clients\/#respond"]}]},{"@type":"WebPage","@id":"https:\/\/www.way-plan.com\/bmw-i7-the-perfect-electric-limousine-for-your-clients\/","url":"https:\/\/www.way-plan.com\/bmw-i7-the-perfect-electric-limousine-for-your-clients\/","name":"BMW i7, a limusina el\u00e9ctrica perfeita para os seus clientes? - Plano WAY","isPartOf":{"@id":"https:\/\/www.way-plan.com\/#website"},"primaryImageOfPage":{"@id":"https:\/\/www.way-plan.com\/bmw-i7-the-perfect-electric-limousine-for-your-clients\/#primaryimage"},"image":{"@id":"https:\/\/www.way-plan.com\/bmw-i7-the-perfect-electric-limousine-for-your-clients\/#primaryimage"},"thumbnailUrl":"https:\/\/www.way-plan.com\/wp-content\/uploads\/2023\/01\/image.png","datePublished":"2023-01-16T15:17:55+00:00","dateModified":"2023-03-08T15:36:21+00:00","description":"O mercado dos ve\u00edculos el\u00e9ctricos est\u00e1 a crescer devido \u00e0 crescente preocupa\u00e7\u00e3o com o ambiente e a uma regulamenta\u00e7\u00e3o mais rigorosa em mat\u00e9ria de consumo de energia. Os consumidores est\u00e3o tamb\u00e9m cada vez mais conscientes do impacto do seu estilo de vida no ambiente e procuram formas de reduzir a sua pegada de carbono","breadcrumb":{"@id":"https:\/\/www.way-plan.com\/bmw-i7-the-perfect-electric-limousine-for-your-clients\/#breadcrumb"},"inLanguage":"pt-PT","potentialAction":[{"@type":"ReadAction","target":["https:\/\/www.way-plan.com\/bmw-i7-the-perfect-electric-limousine-for-your-clients\/"]}]},{"@type":"ImageObject","inLanguage":"pt-PT","@id":"https:\/\/www.way-plan.com\/bmw-i7-the-perfect-electric-limousine-for-your-clients\/#primaryimage","url":"https:\/\/www.way-plan.com\/wp-content\/uploads\/2023\/01\/image.png","contentUrl":"https:\/\/www.way-plan.com\/wp-content\/uploads\/2023\/01\/image.png","width":907,"height":507},{"@type":"BreadcrumbList","@id":"https:\/\/www.way-plan.com\/bmw-i7-the-perfect-electric-limousine-for-your-clients\/#breadcrumb","itemListElement":[{"@type":"ListItem","position":1,"name":"Home","item":"https:\/\/www.way-plan.com\/"},{"@type":"ListItem","position":2,"name":"BMW i7, the perfect electric limousine for your clients?"}]},{"@type":"WebSite","@id":"https:\/\/www.way-plan.com\/#website","url":"https:\/\/www.way-plan.com\/","name":"Plano WAY","description":"Software de gest\u00e3o de transportes de pessoas","publisher":{"@id":"https:\/\/www.way-plan.com\/#organization"},"potentialAction":[{"@type":"SearchAction","target":{"@type":"EntryPoint","urlTemplate":"https:\/\/www.way-plan.com\/?s={search_term_string}"},"query-input":{"@type":"PropertyValueSpecification","valueRequired":true,"valueName":"search_term_string"}}],"inLanguage":"pt-PT"},{"@type":"Organization","@id":"https:\/\/www.way-plan.com\/#organization","name":"Plano de desloca\u00e7\u00e3o","url":"https:\/\/www.way-plan.com\/","logo":{"@type":"ImageObject","inLanguage":"pt-PT","@id":"https:\/\/www.way-plan.com\/#\/schema\/logo\/image\/","url":"https:\/\/wordpress.way-plan.com\/wp-content\/uploads\/2020\/11\/logoWAYNIUM-borderless.png","contentUrl":"https:\/\/wordpress.way-plan.com\/wp-content\/uploads\/2020\/11\/logoWAYNIUM-borderless.png","width":1561,"height":319,"caption":"Way Plan"},"image":{"@id":"https:\/\/www.way-plan.com\/#\/schema\/logo\/image\/"},"sameAs":["https:\/\/www.facebook.com\/WAYNIUM\/","https:\/\/www.linkedin.com\/company\/waynium\/","https:\/\/www.youtube.com\/channel\/UCXiEq9wJ-j6cY2CBdpOYc1w"]},{"@type":"Person","@id":"https:\/\/www.way-plan.com\/#\/schema\/person\/4c5322eba44a6a998928040703653b1c","name":"Hannah DLIMI","image":{"@type":"ImageObject","inLanguage":"pt-PT","@id":"https:\/\/www.way-plan.com\/#\/schema\/person\/image\/","url":"https:\/\/secure.gravatar.com\/avatar\/d67424e700840e2da0bef294d2a99e6755c25c0508fdab38a2bb85bcb5cbc6f8?s=96&d=mm&r=g","contentUrl":"https:\/\/secure.gravatar.com\/avatar\/d67424e700840e2da0bef294d2a99e6755c25c0508fdab38a2bb85bcb5cbc6f8?s=96&d=mm&r=g","caption":"Hannah DLIMI"}}]}},"views":171,"_links":{"self":[{"href":"https:\/\/www.way-plan.com\/pt\/wp-json\/wp\/v2\/posts\/13728","targetHints":{"allow":["GET"]}}],"collection":[{"href":"https:\/\/www.way-plan.com\/pt\/wp-json\/wp\/v2\/posts"}],"about":[{"href":"https:\/\/www.way-plan.com\/pt\/wp-json\/wp\/v2\/types\/post"}],"author":[{"embeddable":true,"href":"https:\/\/www.way-plan.com\/pt\/wp-json\/wp\/v2\/users\/600"}],"replies":[{"embeddable":true,"href":"https:\/\/www.way-plan.com\/pt\/wp-json\/wp\/v2\/comments?post=13728"}],"version-history":[{"count":0,"href":"https:\/\/www.way-plan.com\/pt\/wp-json\/wp\/v2\/posts\/13728\/revisions"}],"wp:featuredmedia":[{"embeddable":true,"href":"https:\/\/www.way-plan.com\/pt\/wp-json\/wp\/v2\/media\/13729"}],"wp:attachment":[{"href":"https:\/\/www.way-plan.com\/pt\/wp-json\/wp\/v2\/media?parent=13728"}],"wp:term":[{"taxonomy":"category","embeddable":true,"href":"https:\/\/www.way-plan.com\/pt\/wp-json\/wp\/v2\/categories?post=13728"},{"taxonomy":"post_tag","embeddable":true,"href":"https:\/\/www.way-plan.com\/pt\/wp-json\/wp\/v2\/tags?post=13728"}],"curies":[{"name":"wp","href":"https:\/\/api.w.org\/{rel}","templated":true}]}}