{"id":6144,"date":"2014-11-05T00:00:00","date_gmt":"2014-11-04T23:00:00","guid":{"rendered":"http:\/\/wordpress.waynium.com\/rdv-samedi-8-novembre-a-lassemblee-nationale-de-la-ff-evtc\/"},"modified":"2022-03-31T16:24:27","modified_gmt":"2022-03-31T14:24:27","slug":"reuniao-no-sabado-8-de-novembro-na-assembleia-nacional-do-ff-evtc","status":"publish","type":"post","link":"https:\/\/www.way-plan.com\/pt\/meeting-saturday-november-8-at-the-national-assembly-of-the-ff-evtc\/","title":{"rendered":"Reuni\u00e3o de s\u00e1bado, 8 de novembro, na assembleia nacional do FF-EVTC"},"content":{"rendered":"<\/p>\n<p>O encontro nacional ter\u00e1 lugar no Domaine Saint Joseph, a partir das 9 horas.<\/p>\n<p>Apresentaremos as evolu\u00e7\u00f5es do software, bem como a oferta especial reservada aos membros da FF-EVTC, no \u00e2mbito da nossa parceria.<\/p>\n<p><a href=\"\/pt\/images_spaw\/actualites\/Domaine St Joseph.jpg\/\"><img fetchpriority=\"high\" decoding=\"async\" src=\"images_spaw\/actualites\/Domaine St Joseph.jpg\" alt=\"Assembleia nacional de evtc\" width=\"580\" height=\"388\" \/><\/a><\/p>\n<p>Esta ser\u00e1 a nossa segunda presen\u00e7a num evento da FF-EVTC e teremos todo o prazer em encontrar-vos.<\/p>","protected":false},"excerpt":{"rendered":"<p>A Limo continua a sua parceria com a FF-EVTC (Federa\u00e7\u00e3o Francesa das Empresas de VTC). No pr\u00f3ximo s\u00e1bado, 8 de novembro, Bruno e Marie-Laure deslocar-se-\u00e3o a Lyon para se encontrarem com os membros <\/p>","protected":false},"author":6,"featured_media":0,"comment_status":"open","ping_status":"open","sticky":false,"template":"","format":"standard","meta":{"_acf_changed":false,"footnotes":""},"categories":[184,185],"tags":[],"class_list":["post-6144","post","type-post","status-publish","format-standard","hentry","category-passenger-transport","category-waynium"],"acf":[],"yoast_head":"<!-- This site is optimized with the Yoast SEO plugin v27.0 - https:\/\/yoast.com\/product\/yoast-seo-wordpress\/ -->\n<title>Meeting Saturday, November 8 at the national assembly of the FF-EVTC - WAY-Plan<\/title>\n<meta name=\"robots\" content=\"index, follow, max-snippet:-1, max-image-preview:large, max-video-preview:-1\" \/>\n<link rel=\"canonical\" href=\"https:\/\/www.way-plan.com\/pt\/reuniao-no-sabado-8-de-novembro-na-assembleia-nacional-do-ff-evtc\/\" \/>\n<meta property=\"og:locale\" content=\"pt_PT\" \/>\n<meta property=\"og:type\" content=\"article\" \/>\n<meta property=\"og:title\" content=\"Meeting Saturday, November 8 at the national assembly of the FF-EVTC - WAY-Plan\" \/>\n<meta property=\"og:description\" content=\"Limo continues its partnership with the FF-EVTC (French Federation of VTC Companies). Next Saturday, November 8th, Bruno and Marie-Laure will come to Lyon to meet the members\" \/>\n<meta property=\"og:url\" content=\"https:\/\/www.way-plan.com\/pt\/reuniao-no-sabado-8-de-novembro-na-assembleia-nacional-do-ff-evtc\/\" \/>\n<meta property=\"og:site_name\" content=\"WAY-Plan\" \/>\n<meta property=\"article:publisher\" content=\"https:\/\/www.facebook.com\/WAYNIUM\/\" \/>\n<meta property=\"article:published_time\" content=\"2014-11-04T23:00:00+00:00\" \/>\n<meta property=\"article:modified_time\" content=\"2022-03-31T14:24:27+00:00\" \/>\n<meta name=\"author\" content=\"Andr\u00e9a\" \/>\n<meta name=\"twitter:card\" content=\"summary_large_image\" \/>\n<meta name=\"twitter:label1\" content=\"Escrito por\" \/>\n\t<meta name=\"twitter:data1\" content=\"Andr\u00e9a\" \/>\n<script type=\"application\/ld+json\" class=\"yoast-schema-graph\">{\"@context\":\"https:\/\/schema.org\",\"@graph\":[{\"@type\":\"Article\",\"@id\":\"https:\/\/www.way-plan.com\/meeting-saturday-november-8-at-the-national-assembly-of-the-ff-evtc\/#article\",\"isPartOf\":{\"@id\":\"https:\/\/www.way-plan.com\/meeting-saturday-november-8-at-the-national-assembly-of-the-ff-evtc\/\"},\"author\":{\"name\":\"Andr\u00e9a\",\"@id\":\"https:\/\/www.way-plan.com\/#\/schema\/person\/f5cbffd630cd55468a8e3aeff618cd67\"},\"headline\":\"Meeting Saturday, November 8 at the national assembly of the FF-EVTC\",\"datePublished\":\"2014-11-04T23:00:00+00:00\",\"dateModified\":\"2022-03-31T14:24:27+00:00\",\"mainEntityOfPage\":{\"@id\":\"https:\/\/www.way-plan.com\/meeting-saturday-november-8-at-the-national-assembly-of-the-ff-evtc\/\"},\"wordCount\":70,\"commentCount\":0,\"publisher\":{\"@id\":\"https:\/\/www.way-plan.com\/#organization\"},\"articleSection\":[\"Passenger transport\",\"WAYNIUM\"],\"inLanguage\":\"pt-PT\",\"potentialAction\":[{\"@type\":\"CommentAction\",\"name\":\"Comment\",\"target\":[\"https:\/\/www.way-plan.com\/meeting-saturday-november-8-at-the-national-assembly-of-the-ff-evtc\/#respond\"]}]},{\"@type\":\"WebPage\",\"@id\":\"https:\/\/www.way-plan.com\/meeting-saturday-november-8-at-the-national-assembly-of-the-ff-evtc\/\",\"url\":\"https:\/\/www.way-plan.com\/meeting-saturday-november-8-at-the-national-assembly-of-the-ff-evtc\/\",\"name\":\"Meeting Saturday, November 8 at the national assembly of the FF-EVTC - WAY-Plan\",\"isPartOf\":{\"@id\":\"https:\/\/www.way-plan.com\/#website\"},\"datePublished\":\"2014-11-04T23:00:00+00:00\",\"dateModified\":\"2022-03-31T14:24:27+00:00\",\"breadcrumb\":{\"@id\":\"https:\/\/www.way-plan.com\/meeting-saturday-november-8-at-the-national-assembly-of-the-ff-evtc\/#breadcrumb\"},\"inLanguage\":\"pt-PT\",\"potentialAction\":[{\"@type\":\"ReadAction\",\"target\":[\"https:\/\/www.way-plan.com\/meeting-saturday-november-8-at-the-national-assembly-of-the-ff-evtc\/\"]}]},{\"@type\":\"BreadcrumbList\",\"@id\":\"https:\/\/www.way-plan.com\/meeting-saturday-november-8-at-the-national-assembly-of-the-ff-evtc\/#breadcrumb\",\"itemListElement\":[{\"@type\":\"ListItem\",\"position\":1,\"name\":\"Home\",\"item\":\"https:\/\/www.way-plan.com\/\"},{\"@type\":\"ListItem\",\"position\":2,\"name\":\"Meeting Saturday, November 8 at the national assembly of the FF-EVTC\"}]},{\"@type\":\"WebSite\",\"@id\":\"https:\/\/www.way-plan.com\/#website\",\"url\":\"https:\/\/www.way-plan.com\/\",\"name\":\"WAY-Plan\",\"description\":\"People transportation management software\",\"publisher\":{\"@id\":\"https:\/\/www.way-plan.com\/#organization\"},\"potentialAction\":[{\"@type\":\"SearchAction\",\"target\":{\"@type\":\"EntryPoint\",\"urlTemplate\":\"https:\/\/www.way-plan.com\/?s={search_term_string}\"},\"query-input\":{\"@type\":\"PropertyValueSpecification\",\"valueRequired\":true,\"valueName\":\"search_term_string\"}}],\"inLanguage\":\"pt-PT\"},{\"@type\":\"Organization\",\"@id\":\"https:\/\/www.way-plan.com\/#organization\",\"name\":\"Way Plan\",\"url\":\"https:\/\/www.way-plan.com\/\",\"logo\":{\"@type\":\"ImageObject\",\"inLanguage\":\"pt-PT\",\"@id\":\"https:\/\/www.way-plan.com\/#\/schema\/logo\/image\/\",\"url\":\"https:\/\/wordpress.way-plan.com\/wp-content\/uploads\/2020\/11\/logoWAYNIUM-borderless.png\",\"contentUrl\":\"https:\/\/wordpress.way-plan.com\/wp-content\/uploads\/2020\/11\/logoWAYNIUM-borderless.png\",\"width\":1561,\"height\":319,\"caption\":\"Way Plan\"},\"image\":{\"@id\":\"https:\/\/www.way-plan.com\/#\/schema\/logo\/image\/\"},\"sameAs\":[\"https:\/\/www.facebook.com\/WAYNIUM\/\",\"https:\/\/www.linkedin.com\/company\/waynium\/\",\"https:\/\/www.youtube.com\/channel\/UCXiEq9wJ-j6cY2CBdpOYc1w\"]},{\"@type\":\"Person\",\"@id\":\"https:\/\/www.way-plan.com\/#\/schema\/person\/f5cbffd630cd55468a8e3aeff618cd67\",\"name\":\"Andr\u00e9a\",\"image\":{\"@type\":\"ImageObject\",\"inLanguage\":\"pt-PT\",\"@id\":\"https:\/\/www.way-plan.com\/#\/schema\/person\/image\/\",\"url\":\"https:\/\/secure.gravatar.com\/avatar\/846d9cfc2691607d80993caf728e42614e02f2417d389e0b4f23dfc3df4a8080?s=96&d=mm&r=g\",\"contentUrl\":\"https:\/\/secure.gravatar.com\/avatar\/846d9cfc2691607d80993caf728e42614e02f2417d389e0b4f23dfc3df4a8080?s=96&d=mm&r=g\",\"caption\":\"Andr\u00e9a\"}}]}<\/script>\n<!-- \/ Yoast SEO plugin. -->","yoast_head_json":{"title":"Reuni\u00e3o de s\u00e1bado, 8 de novembro, na assembleia nacional do FF-EVTC - WAY-Plan","robots":{"index":"index","follow":"follow","max-snippet":"max-snippet:-1","max-image-preview":"max-image-preview:large","max-video-preview":"max-video-preview:-1"},"canonical":"https:\/\/www.way-plan.com\/pt\/reuniao-no-sabado-8-de-novembro-na-assembleia-nacional-do-ff-evtc\/","og_locale":"pt_PT","og_type":"article","og_title":"Meeting Saturday, November 8 at the national assembly of the FF-EVTC - WAY-Plan","og_description":"Limo continues its partnership with the FF-EVTC (French Federation of VTC Companies). Next Saturday, November 8th, Bruno and Marie-Laure will come to Lyon to meet the members","og_url":"https:\/\/www.way-plan.com\/pt\/reuniao-no-sabado-8-de-novembro-na-assembleia-nacional-do-ff-evtc\/","og_site_name":"WAY-Plan","article_publisher":"https:\/\/www.facebook.com\/WAYNIUM\/","article_published_time":"2014-11-04T23:00:00+00:00","article_modified_time":"2022-03-31T14:24:27+00:00","author":"Andr\u00e9a","twitter_card":"summary_large_image","twitter_misc":{"Escrito por":"Andr\u00e9a"},"schema":{"@context":"https:\/\/schema.org","@graph":[{"@type":"Article","@id":"https:\/\/www.way-plan.com\/meeting-saturday-november-8-at-the-national-assembly-of-the-ff-evtc\/#article","isPartOf":{"@id":"https:\/\/www.way-plan.com\/meeting-saturday-november-8-at-the-national-assembly-of-the-ff-evtc\/"},"author":{"name":"Andr\u00e9a","@id":"https:\/\/www.way-plan.com\/#\/schema\/person\/f5cbffd630cd55468a8e3aeff618cd67"},"headline":"Meeting Saturday, November 8 at the national assembly of the FF-EVTC","datePublished":"2014-11-04T23:00:00+00:00","dateModified":"2022-03-31T14:24:27+00:00","mainEntityOfPage":{"@id":"https:\/\/www.way-plan.com\/meeting-saturday-november-8-at-the-national-assembly-of-the-ff-evtc\/"},"wordCount":70,"commentCount":0,"publisher":{"@id":"https:\/\/www.way-plan.com\/#organization"},"articleSection":["Passenger transport","WAYNIUM"],"inLanguage":"pt-PT","potentialAction":[{"@type":"CommentAction","name":"Comment","target":["https:\/\/www.way-plan.com\/meeting-saturday-november-8-at-the-national-assembly-of-the-ff-evtc\/#respond"]}]},{"@type":"WebPage","@id":"https:\/\/www.way-plan.com\/meeting-saturday-november-8-at-the-national-assembly-of-the-ff-evtc\/","url":"https:\/\/www.way-plan.com\/meeting-saturday-november-8-at-the-national-assembly-of-the-ff-evtc\/","name":"Reuni\u00e3o de s\u00e1bado, 8 de novembro, na assembleia nacional do FF-EVTC - WAY-Plan","isPartOf":{"@id":"https:\/\/www.way-plan.com\/#website"},"datePublished":"2014-11-04T23:00:00+00:00","dateModified":"2022-03-31T14:24:27+00:00","breadcrumb":{"@id":"https:\/\/www.way-plan.com\/meeting-saturday-november-8-at-the-national-assembly-of-the-ff-evtc\/#breadcrumb"},"inLanguage":"pt-PT","potentialAction":[{"@type":"ReadAction","target":["https:\/\/www.way-plan.com\/meeting-saturday-november-8-at-the-national-assembly-of-the-ff-evtc\/"]}]},{"@type":"BreadcrumbList","@id":"https:\/\/www.way-plan.com\/meeting-saturday-november-8-at-the-national-assembly-of-the-ff-evtc\/#breadcrumb","itemListElement":[{"@type":"ListItem","position":1,"name":"Home","item":"https:\/\/www.way-plan.com\/"},{"@type":"ListItem","position":2,"name":"Meeting Saturday, November 8 at the national assembly of the FF-EVTC"}]},{"@type":"WebSite","@id":"https:\/\/www.way-plan.com\/#website","url":"https:\/\/www.way-plan.com\/","name":"Plano WAY","description":"Software de gest\u00e3o de transportes de pessoas","publisher":{"@id":"https:\/\/www.way-plan.com\/#organization"},"potentialAction":[{"@type":"SearchAction","target":{"@type":"EntryPoint","urlTemplate":"https:\/\/www.way-plan.com\/?s={search_term_string}"},"query-input":{"@type":"PropertyValueSpecification","valueRequired":true,"valueName":"search_term_string"}}],"inLanguage":"pt-PT"},{"@type":"Organization","@id":"https:\/\/www.way-plan.com\/#organization","name":"Plano de desloca\u00e7\u00e3o","url":"https:\/\/www.way-plan.com\/","logo":{"@type":"ImageObject","inLanguage":"pt-PT","@id":"https:\/\/www.way-plan.com\/#\/schema\/logo\/image\/","url":"https:\/\/wordpress.way-plan.com\/wp-content\/uploads\/2020\/11\/logoWAYNIUM-borderless.png","contentUrl":"https:\/\/wordpress.way-plan.com\/wp-content\/uploads\/2020\/11\/logoWAYNIUM-borderless.png","width":1561,"height":319,"caption":"Way Plan"},"image":{"@id":"https:\/\/www.way-plan.com\/#\/schema\/logo\/image\/"},"sameAs":["https:\/\/www.facebook.com\/WAYNIUM\/","https:\/\/www.linkedin.com\/company\/waynium\/","https:\/\/www.youtube.com\/channel\/UCXiEq9wJ-j6cY2CBdpOYc1w"]},{"@type":"Person","@id":"https:\/\/www.way-plan.com\/#\/schema\/person\/f5cbffd630cd55468a8e3aeff618cd67","name":"Andr\u00e9a","image":{"@type":"ImageObject","inLanguage":"pt-PT","@id":"https:\/\/www.way-plan.com\/#\/schema\/person\/image\/","url":"https:\/\/secure.gravatar.com\/avatar\/846d9cfc2691607d80993caf728e42614e02f2417d389e0b4f23dfc3df4a8080?s=96&d=mm&r=g","contentUrl":"https:\/\/secure.gravatar.com\/avatar\/846d9cfc2691607d80993caf728e42614e02f2417d389e0b4f23dfc3df4a8080?s=96&d=mm&r=g","caption":"Andr\u00e9a"}}]}},"views":44,"_links":{"self":[{"href":"https:\/\/www.way-plan.com\/pt\/wp-json\/wp\/v2\/posts\/6144","targetHints":{"allow":["GET"]}}],"collection":[{"href":"https:\/\/www.way-plan.com\/pt\/wp-json\/wp\/v2\/posts"}],"about":[{"href":"https:\/\/www.way-plan.com\/pt\/wp-json\/wp\/v2\/types\/post"}],"author":[{"embeddable":true,"href":"https:\/\/www.way-plan.com\/pt\/wp-json\/wp\/v2\/users\/6"}],"replies":[{"embeddable":true,"href":"https:\/\/www.way-plan.com\/pt\/wp-json\/wp\/v2\/comments?post=6144"}],"version-history":[{"count":0,"href":"https:\/\/www.way-plan.com\/pt\/wp-json\/wp\/v2\/posts\/6144\/revisions"}],"wp:attachment":[{"href":"https:\/\/www.way-plan.com\/pt\/wp-json\/wp\/v2\/media?parent=6144"}],"wp:term":[{"taxonomy":"category","embeddable":true,"href":"https:\/\/www.way-plan.com\/pt\/wp-json\/wp\/v2\/categories?post=6144"},{"taxonomy":"post_tag","embeddable":true,"href":"https:\/\/www.way-plan.com\/pt\/wp-json\/wp\/v2\/tags?post=6144"}],"curies":[{"name":"wp","href":"https:\/\/api.w.org\/{rel}","templated":true}]}}